{"id":204,"date":"2013-06-25T22:29:20","date_gmt":"2013-06-25T21:29:20","guid":{"rendered":"http:\/\/semnon.wordpress.com\/?p=204"},"modified":"2016-11-18T19:49:15","modified_gmt":"2016-11-18T17:49:15","slug":"wahl-des-stura-fur-senftenberg-2013","status":"publish","type":"post","link":"https:\/\/www.arhi-systems.de\/blog\/2013\/wahl-des-stura-fur-senftenberg-2013","title":{"rendered":"Wahl des StuRa f\u00fcr Senftenberg 2013"},"content":{"rendered":"<p>Zum 1.7.2013 wird die Brandenburgische Technische Universit\u00e4t (BTU) Cottbus-Senftenberg aus den bisherigen Einrichtungen BTU Cottbus und Hochschule Lausitz (HS Lausitz) gegr\u00fcndet. An der BTU Cottbus wird in der studentischen Selbstverwaltung das System der Gewaltenteilung durch Studierendenparlament (StuPa \u2192 Legislative, Listenwahl, gew\u00e4hlt von Studierenden) und Studierendenrat (StuRa \u2192 Exekutive, Personenwahl, gew\u00e4hlt durch StuPa) angewandt. An der HS Lausitz hingegen wird ein R\u00e4tesystem angewandt. Das hei\u00dft, dass es bisher dort lediglich einen StuRa gibt, der in Personenwahl durch die Studierenden selbst gew\u00e4hlt wird.<\/p>\n<p>Mit der Gr\u00fcndung der BTU Cottbus-Senftenberg wird zun\u00e4chst das System der BTU Cottbus weitergef\u00fchrt. Der aktuelle StuRa der HS Lausitz und der StuPa der BTU Cottbus bilden zusammen den StuPa der BTU Cottbus-Senftenberg. Weiterhin wird es zun\u00e4chst einen StuRa f\u00fcr Cottbus und einen StuRa f\u00fcr Senftenberg geben. Daher hat der StuRa der HS Lausitz die zubesetzenden R<a title=\"StuRa HSL\" href=\"http:\/\/www.stura-fhl.de\/\" target=\"_blank\">eferate f\u00fcr den StuRa Senftenberg auf deren Internetseite ausgeschrieben<\/a>. Im einzelnen sind das:<\/p>\n<ul>\n<li>Referatsprofil Finanzen<br \/>\n<em>Bisher Pr\u00e4sidiumsamt: Finanzbeauftragte\/r<\/em><\/li>\n<li>Referatsprofil Gesundheit, Umwelt &amp; Mobilit\u00e4t<br \/>\n<em>Bisher als Referat Semesterticket benannt<\/em><br \/>\n<em>Erweitertes Aufgabenspekrum<\/em><\/li>\n<li>Referatsprofil Hochschulpolitik<\/li>\n<li>Referatsprofil Hochschule und Studium<br \/>\n<em>Bisher als Referat Fachschaften benannt<\/em><\/li>\n<li>Referatsprofil Internationales<br \/>\n<em>Bisher als Referat Soziales \/ Internationales benannt<\/em><br \/>\n<em>Referat wird in Soziales und Internationales getrennt<\/em><\/li>\n<li>Referatsprofil Kultur<\/li>\n<li>Referatsprofil Kommunikation und \u00d6ffentlichkeitsarbeit I<br \/>\n<em>Bisher als Referat Technischer Support benannt<\/em><\/li>\n<li>Referatsprofil Kommunikation und \u00d6ffentlichkeitsarbeit II<br \/>\n<em>Bisher als Referat \u00d6ffentlichkeitsarbeit benannt<\/em><\/li>\n<li>Referatsprofil Soziales<br \/>\n<em>Bisher als Referat Soziales \/ Internationales bennant<\/em><br \/>\n<em>Referat wird in Soziales und Internationales getrennt<\/em><\/li>\n<li>Referatsprofil Sport<\/li>\n<\/ul>\n<p>Es wird pro Referat eine <strong>Aufwandsentsch\u00e4digung<\/strong> von bis zu <strong>150,00 EUR pro Monat<\/strong> gezahlt.<\/p>\n<p>Bewerbungen gehen an das Pr\u00e4sidium des StuRa der HS Lausitz (praesidium@stura-hsl.de). Die Bewerbung sollte die Motivation f\u00fcr die Bewerbung auf das Referat enthalten. Die Wahl findet voraussichtlich in der ersten StuPa-Sitzung der BTU Cottbus-Senftenberg statt.<\/p>\n<p>Anbei auch noch der Flyer, der durch den <a title=\"FSR KomET\" href=\"http:\/\/fs-et.iem.fh-lausitz.de\" target=\"_blank\">Fachschaftsrat Kommunikations- und Elektrotechnik<\/a> erstellt wurde: <a href=\"http:\/\/semnon.wordpress.com\/2013\/06\/25\/wahl-des-stura-fur-senftenberg-2013\/flyer\/\" rel=\"attachment wp-att-203\">Flyer_FSKomET_StuRaWahl_2013<\/a><\/p>\n","protected":false},"excerpt":{"rendered":"<p>Zum 1.7.2013 wird die Brandenburgische Technische Universit\u00e4t (BTU) Cottbus-Senftenberg aus den bisherigen Einrichtungen BTU Cottbus und Hochschule Lausitz (HS Lausitz) gegr\u00fcndet. An der BTU Cottbus wird in der studentischen Selbstverwaltung das System der Gewaltenteilung durch Studierendenparlament (StuPa \u2192 Legislative, Listenwahl, gew\u00e4hlt von Studierenden) und Studierendenrat (StuRa \u2192 Exekutive, Personenwahl, gew\u00e4hlt durch StuPa) angewandt. An der HS Lausitz hingegen wird ein R\u00e4tesystem angewandt. Das hei\u00dft, dass es bisher dort lediglich einen StuRa gibt, der in Personenwahl durch die Studierenden selbst gew\u00e4hlt wird.<\/p>\n<p>Mit der Gr\u00fcndung der BTU Cottbus-Senftenberg wird zun\u00e4chst das System der BTU Cottbus weitergef\u00fchrt. Der aktuelle StuRa der HS  \u2026 <a href=\"https:\/\/www.arhi-systems.de\/blog\/2013\/wahl-des-stura-fur-senftenberg-2013\"> weiterlesen <span class=\"meta-nav\">&rarr; <\/span><\/a><\/p>\n","protected":false},"author":1,"featured_media":0,"comment_status":"open","ping_status":"open","sticky":false,"template":"","format":"standard","meta":{"_s2mail":"","footnotes":""},"categories":[6,8],"tags":[39,45,100,106,171,186,187,213,223],"class_list":["post-204","post","type-post","status-publish","format-standard","hentry","category-politik","category-studentische-selbstverwaltung","tag-btu","tag-cottbus","tag-hochschule","tag-hsl","tag-senftenberg","tag-stupa","tag-stura","tag-universitat","tag-wahl"],"_links":{"self":[{"href":"https:\/\/www.arhi-systems.de\/blog\/wp-json\/wp\/v2\/posts\/204","targetHints":{"allow":["GET"]}}],"collection":[{"href":"https:\/\/www.arhi-systems.de\/blog\/wp-json\/wp\/v2\/posts"}],"about":[{"href":"https:\/\/www.arhi-systems.de\/blog\/wp-json\/wp\/v2\/types\/post"}],"author":[{"embeddable":true,"href":"https:\/\/www.arhi-systems.de\/blog\/wp-json\/wp\/v2\/users\/1"}],"replies":[{"embeddable":true,"href":"https:\/\/www.arhi-systems.de\/blog\/wp-json\/wp\/v2\/comments?post=204"}],"version-history":[{"count":1,"href":"https:\/\/www.arhi-systems.de\/blog\/wp-json\/wp\/v2\/posts\/204\/revisions"}],"predecessor-version":[{"id":617,"href":"https:\/\/www.arhi-systems.de\/blog\/wp-json\/wp\/v2\/posts\/204\/revisions\/617"}],"wp:attachment":[{"href":"https:\/\/www.arhi-systems.de\/blog\/wp-json\/wp\/v2\/media?parent=204"}],"wp:term":[{"taxonomy":"category","embeddable":true,"href":"https:\/\/www.arhi-systems.de\/blog\/wp-json\/wp\/v2\/categories?post=204"},{"taxonomy":"post_tag","embeddable":true,"href":"https:\/\/www.arhi-systems.de\/blog\/wp-json\/wp\/v2\/tags?post=204"}],"curies":[{"name":"wp","href":"https:\/\/api.w.org\/{rel}","templated":true}]}}