{"id":427,"date":"2014-05-26T07:45:47","date_gmt":"2014-05-26T05:45:47","guid":{"rendered":"https:\/\/www.arhi-systems.de\/blog\/?p=427"},"modified":"2016-11-18T19:48:54","modified_gmt":"2016-11-18T17:48:54","slug":"der-begriff-europakritiker","status":"publish","type":"post","link":"https:\/\/www.arhi-systems.de\/blog\/2014\/der-begriff-europakritiker","title":{"rendered":"Der Begriff \u201eEuropakritiker\u201c"},"content":{"rendered":"<p>Die Wahl des Parlamentes der Europ\u00e4ischen Union ist nun vorbei und das Ergebnis leider wie erwartet. In den Medien h\u00f6rt man nun andauernd, dass die europakritischen Parteien ziemlich zugelegt haben. Gemeint sind damit Parteien, die klassischer Weise als \u201erechts\u201c oder \u201erechts populistisch\u201c bezeichnet werden (ohne jetzt \u00fcber diese beiden Begriffe streiten zu wollen).<\/p>\n<p>Mein Problem mit dem Wort \u201eEuropakritiker\u201c in diesem Zusammenhang ist, dass es so hingestellt wird, als w\u00e4re Kritik an der europ\u00e4ischen Union etwas schlimmes. Dabei <em>muss<\/em> ein B\u00fcrger, meiner Meinung nach, st\u00e4ndig fragen, wie das regierende System verbessert werden kann. Dazu geh\u00f6rt Kritik am aktuellen System.<\/p>\n<p>Oder soll etwa mit dem Begriff suggeriert werden, dass Kritik per se schlecht ist? Geht man in die Richtung der Verschw\u00f6rungstheorien k\u00f6nnte man auch sagen, dass dies so gewollt w\u00e4re, um ein gedankliches Verbot von Kritik an Regierungen durchzusetzen. Meiner Meinung nach ist dies nicht so. Viel mehr wollen die Medien die entsprechenden Parteien damit einordnen, ohne ihnen zu unterstellen, sie w\u00e4ren komplett gegen die Europ\u00e4ische Union. Allerdings m\u00fcssen sich die Medien bewusst sein, welche Wirkung solche Begrifflichkeiten haben.<\/p>\n<p>An dieser Stelle zum Abschluss ein Zitat aus der germanischen Edda, Havamal (Des Hohen Lied), Strophe 24:<\/p>\n<blockquote><p>\u201eEin unkluger Mann meint sich alle hold,<br \/>\nDie ihm kein Widerwort geben; [&#8230;]\u201c<\/p><\/blockquote>\n","protected":false},"excerpt":{"rendered":"<p>Die Wahl des Parlamentes der Europ\u00e4ischen Union ist nun vorbei und das Ergebnis leider wie erwartet. In den Medien h\u00f6rt man nun andauernd, dass die europakritischen Parteien ziemlich zugelegt haben. Gemeint sind damit Parteien, die klassischer Weise als \u201erechts\u201c oder \u201erechts populistisch\u201c bezeichnet werden (ohne jetzt \u00fcber diese beiden Begriffe streiten zu wollen).<\/p>\n<p>Mein Problem mit dem Wort \u201eEuropakritiker\u201c in diesem Zusammenhang ist, dass es so hingestellt wird, als w\u00e4re Kritik an der europ\u00e4ischen Union etwas schlimmes. Dabei <em>muss<\/em> ein B\u00fcrger, meiner Meinung nach, st\u00e4ndig fragen, wie das regierende System verbessert werden kann. Dazu geh\u00f6rt Kritik am aktuellen System.<\/p>\n<p>Oder  \u2026 <a href=\"https:\/\/www.arhi-systems.de\/blog\/2014\/der-begriff-europakritiker\"> weiterlesen <span class=\"meta-nav\">&rarr; <\/span><\/a><\/p>\n","protected":false},"author":1,"featured_media":0,"comment_status":"open","ping_status":"open","sticky":false,"template":"","format":"standard","meta":{"_s2mail":"yes","footnotes":""},"categories":[2,6,7,10],"tags":[67,260,259,258,262,261,223,239,307],"class_list":["post-427","post","type-post","status-publish","format-standard","hentry","category-allgemeines","category-politik","category-politik-allgemein","category-zitate","tag-eu","tag-europa","tag-europakrtiker","tag-europaparlament","tag-kritik","tag-medien","tag-wahl","tag-zitat","tag-zitate"],"_links":{"self":[{"href":"https:\/\/www.arhi-systems.de\/blog\/wp-json\/wp\/v2\/posts\/427","targetHints":{"allow":["GET"]}}],"collection":[{"href":"https:\/\/www.arhi-systems.de\/blog\/wp-json\/wp\/v2\/posts"}],"about":[{"href":"https:\/\/www.arhi-systems.de\/blog\/wp-json\/wp\/v2\/types\/post"}],"author":[{"embeddable":true,"href":"https:\/\/www.arhi-systems.de\/blog\/wp-json\/wp\/v2\/users\/1"}],"replies":[{"embeddable":true,"href":"https:\/\/www.arhi-systems.de\/blog\/wp-json\/wp\/v2\/comments?post=427"}],"version-history":[{"count":4,"href":"https:\/\/www.arhi-systems.de\/blog\/wp-json\/wp\/v2\/posts\/427\/revisions"}],"predecessor-version":[{"id":431,"href":"https:\/\/www.arhi-systems.de\/blog\/wp-json\/wp\/v2\/posts\/427\/revisions\/431"}],"wp:attachment":[{"href":"https:\/\/www.arhi-systems.de\/blog\/wp-json\/wp\/v2\/media?parent=427"}],"wp:term":[{"taxonomy":"category","embeddable":true,"href":"https:\/\/www.arhi-systems.de\/blog\/wp-json\/wp\/v2\/categories?post=427"},{"taxonomy":"post_tag","embeddable":true,"href":"https:\/\/www.arhi-systems.de\/blog\/wp-json\/wp\/v2\/tags?post=427"}],"curies":[{"name":"wp","href":"https:\/\/api.w.org\/{rel}","templated":true}]}}