{"id":79,"date":"2012-02-16T16:51:09","date_gmt":"2012-02-16T15:51:09","guid":{"rendered":"https:\/\/semnon.wordpress.com\/?p=79"},"modified":"2016-11-18T19:49:33","modified_gmt":"2016-11-18T17:49:33","slug":"7-schutz-und-leittechnik-tutorial-der-etg-und-des-fnn","status":"publish","type":"post","link":"https:\/\/www.arhi-systems.de\/blog\/2012\/7-schutz-und-leittechnik-tutorial-der-etg-und-des-fnn","title":{"rendered":"7. Schutz- und Leittechnik Tutorial der ETG und des FNN"},"content":{"rendered":"<p>In den vergangenen Tagen veranstalten die Energietechnische Gesellschaft im VDE und das Forum f\u00fcr Netztechnik und Netzbetrieb im VDE das <a href=\"www.vde.com\/slt2012\" target=\"_blank\">7. Schutz- und Leittechnik-Tutorial<\/a> zusammen mit entsprechenden \u00f6sterreichischen und Schweizer Verb\u00e4nden.<\/p>\n<p>Es war sehr spannend und interessant. Das Tutorial stand unter dem Zeichen der Energiewende mit Vortr\u00e4ge von Einspeisern, Netzbetreibern, Zertifizierern und vielen weiteren.<\/p>\n<p>Eine Auswahl an Themen, die Dort behandelt wurden:<\/p>\n<ul>\n<li>Technische Konsequenz der Energiepolitik f\u00fcr die Netze der elektrischen Energieversorgung (Prof. Dr.-Ing. Jochen Kreusel, Vorsitzender der ETG)<\/li>\n<li>Einf\u00fchrung des unterfrequenzabh\u00e4ngigen Lastabwurfs in der Schweiz &#8211; Komzept und Durchf\u00fchrung (Dipl.-Ing. Walter Sattinger, Swissgrid; Dipl.-Ing. Gerold Kuonen, BKW FMB)<\/li>\n<li>Dezentrale Einspeisung &#8211; eine Herausforderung f\u00fcr Schutz-, Leit- und Pr\u00fcftechnik (Dipl.-Ing. Thomas Schossig, OMICRON electronics)<\/li>\n<li>Netzintegration von Solarkraftwerken &#8211; Anforderungen und M\u00f6glichkeiten f\u00fcr Netzdienstleistungen (Bernhard Beck, BELECTRIC Solarkraftwerke)<\/li>\n<\/ul>\n<p>Nat\u00fcrlich gab es noch viel mehr Vortr\u00e4ge und auch Workshops (z.B. Energiespeicher oder SDLWindV).<\/p>\n<p>F\u00fcr mich war die Veranstaltung sehr gut, um einen \u00dcberblick \u00fcber die ganze Thematik zu bekommen. Das wird mir mit Sicherheit bei meinem bevorstehenden Praxissemester, sowie der anschlie\u00dfenden Bachelor-Arbeit helfen.<\/p>\n","protected":false},"excerpt":{"rendered":"<p>In den vergangenen Tagen veranstalten die Energietechnische Gesellschaft im VDE und das Forum f\u00fcr Netztechnik und Netzbetrieb im VDE das <a href=\"www.vde.com\/slt2012\" target=\"_blank\">7. Schutz- und Leittechnik-Tutorial<\/a> zusammen mit entsprechenden \u00f6sterreichischen und Schweizer Verb\u00e4nden.<\/p>\n<p>Es war sehr spannend und interessant. Das Tutorial stand unter dem Zeichen der Energiewende mit Vortr\u00e4ge von Einspeisern, Netzbetreibern, Zertifizierern und vielen weiteren.<\/p>\n<p>Eine Auswahl an Themen, die Dort behandelt wurden:<\/p>\n<ul>\n<li>Technische Konsequenz der Energiepolitik f\u00fcr die Netze der elektrischen Energieversorgung (Prof. Dr.-Ing. Jochen Kreusel, Vorsitzender der ETG)<\/li>\n<li>Einf\u00fchrung des unterfrequenzabh\u00e4ngigen Lastabwurfs in der Schweiz &#8211; Komzept und Durchf\u00fchrung (Dipl.-Ing. Walter Sattinger, Swissgrid; Dipl.-Ing. Gerold Kuonen,  \u2026 <a href=\"https:\/\/www.arhi-systems.de\/blog\/2012\/7-schutz-und-leittechnik-tutorial-der-etg-und-des-fnn\"> weiterlesen <span class=\"meta-nav\">&rarr; <\/span><\/a><br \/>\n","protected":false},"author":1,"featured_media":0,"comment_status":"open","ping_status":"open","sticky":false,"template":"","format":"standard","meta":{"_s2mail":"","footnotes":""},"categories":[5],"tags":[59,60,66,75,122,169,215],"class_list":["post-79","post","type-post","status-publish","format-standard","hentry","category-energie-und-umwelt","tag-eeg","tag-energiespeicher","tag-etg","tag-fnn","tag-leittechnik","tag-schutztechnik","tag-vde"],"_links":{"self":[{"href":"https:\/\/www.arhi-systems.de\/blog\/wp-json\/wp\/v2\/posts\/79","targetHints":{"allow":["GET"]}}],"collection":[{"href":"https:\/\/www.arhi-systems.de\/blog\/wp-json\/wp\/v2\/posts"}],"about":[{"href":"https:\/\/www.arhi-systems.de\/blog\/wp-json\/wp\/v2\/types\/post"}],"author":[{"embeddable":true,"href":"https:\/\/www.arhi-systems.de\/blog\/wp-json\/wp\/v2\/users\/1"}],"replies":[{"embeddable":true,"href":"https:\/\/www.arhi-systems.de\/blog\/wp-json\/wp\/v2\/comments?post=79"}],"version-history":[{"count":1,"href":"https:\/\/www.arhi-systems.de\/blog\/wp-json\/wp\/v2\/posts\/79\/revisions"}],"predecessor-version":[{"id":632,"href":"https:\/\/www.arhi-systems.de\/blog\/wp-json\/wp\/v2\/posts\/79\/revisions\/632"}],"wp:attachment":[{"href":"https:\/\/www.arhi-systems.de\/blog\/wp-json\/wp\/v2\/media?parent=79"}],"wp:term":[{"taxonomy":"category","embeddable":true,"href":"https:\/\/www.arhi-systems.de\/blog\/wp-json\/wp\/v2\/categories?post=79"},{"taxonomy":"post_tag","embeddable":true,"href":"https:\/\/www.arhi-systems.de\/blog\/wp-json\/wp\/v2\/tags?post=79"}],"curies":[{"name":"wp","href":"https:\/\/api.w.org\/{rel}","templated":true}]}}